{"id":35,"count":1,"description":"\"Nem uma a menos\" foi o grito que h\u00e1 mais de uma d\u00e9cada sacudiu as nossas geografias, ativando um novo impulso feminista \u00e0 escala global. A politiza\u00e7\u00e3o da viol\u00eancia patriarcal contra as mulheres e pessoas com dissid\u00eancia de g\u00e9nero tem andado de m\u00e3os dadas com a visibiliza\u00e7\u00e3o de como esta viol\u00eancia se entrecruza com outras de raiz econ\u00f3mica e colonial. Partimos da aposta por uma justi\u00e7a transformadora, que n\u00e3o reforce a l\u00f3gica punitiva do Estado nem fa\u00e7a crescer a j\u00e1 gigantesca ind\u00fastria carcer\u00e1ria, de uma escuta comprometida para com quem vive em primeira pessoa os efeitos letais da criminaliza\u00e7\u00e3o da pobreza. Queremos explorar formas de acompanhamento e repara\u00e7\u00e3o do dano que desfa\u00e7am, ao mesmo tempo, a matriz patriarcal e racista da domina\u00e7\u00e3o e quebrem a cadeia de reprodu\u00e7\u00e3o da viol\u00eancia. ","link":"https:\/\/laboratoria.red\/pt-br\/eje\/violencias-e-justica-feminista\/","name":"Viol\u00eancias, acompanhamento e justi\u00e7a feminista","slug":"violencias-e-justica-feminista","taxonomy":"portfolio_category","parent":0,"meta":[],"_links":{"self":[{"href":"https:\/\/laboratoria.red\/pt-br\/wp-json\/wp\/v2\/portfolio_category\/35","targetHints":{"allow":["GET"]}}],"collection":[{"href":"https:\/\/laboratoria.red\/pt-br\/wp-json\/wp\/v2\/portfolio_category"}],"about":[{"href":"https:\/\/laboratoria.red\/pt-br\/wp-json\/wp\/v2\/taxonomies\/portfolio_category"}],"wp:post_type":[{"href":"https:\/\/laboratoria.red\/pt-br\/wp-json\/wp\/v2\/avada_portfolio?portfolio_category=35"}],"curies":[{"name":"wp","href":"https:\/\/api.w.org\/{rel}","templated":true}]}}