{"id":3417,"global_id":"laboratoria.red\/en\/?id=3417","global_id_lineage":["laboratoria.red\/en\/?id=3417"],"author":"5","status":"publish","date":"2025-10-19 20:57:15","date_utc":"2025-10-19 18:57:15","modified":"2025-10-19 20:57:15","modified_utc":"2025-10-19 18:57:15","url":"https:\/\/laboratoria.red\/en\/actividad\/contra-el-autoritarismo-de-la-libertad-financiera-presentacion-y-coloquio\/","rest_url":"https:\/\/laboratoria.red\/en\/wp-json\/tribe\/events\/v1\/events\/3417","title":"Contra el autoritarismo de la libertad financiera. Presentaci\u00f3n y coloquio","description":"<p><span class=\"translatable-message\">Este lunes 20, 19.00, presentamos \u00ab<a href=\"https:\/\/tintalimon.com.ar\/post\/contra-el-autoritarismo-de-la-libertad-financiera-8-tesis\/\">Contra el autoritarismo de la libertad financiera<\/a>\u00bb (Tinta Lim\u00f3n, 2025), un manifiesto contra el modo en que las finanzas gobiernan la vida de las mayor\u00edas en nombre de la libertad. <\/span><\/p>\n<p><span class=\"translatable-message\">Aprovechando la visita de Luci Cavallero, coautora del libro junto a Ver\u00f3nica Gago, hablaremos de como se anudan neoliberalismo, autoritarismo y antifeminismo en torno al concepto-fetiche de &#8220;libertad financiera&#8221;, en un momento de aceleraci\u00f3n del empobrecimiento y de intensificaci\u00f3n de las pedagog\u00edas de la crueldad. <\/span><\/p>\n<p><span class=\"translatable-message\">Acompa\u00f1an a Luci en la conversaci\u00f3n Rafaela Pimentel (Territorio Dom\u00e9stico) y Laura Arroyo (Canal Red) <\/span><\/p>\n<p>A modo de avance del libro puedes leer el <a href=\"https:\/\/laboratoria.red\/publicacion\/contra-el-autoritarismo-de-la-libertad-financiera-ensayo-de-ocho-tesis\/?portfolioCats=15\">ensayo en ocho tesis<\/a> sobre autoritarismo y libertad financiera.<\/p>\n<hr \/>\n<p><strong><span style=\"color: #e91e63;\">Cu\u00e1ndo:<\/span> <\/strong>Lunes 20, 19.00-21.00<br \/>\n<strong><span style=\"color: #e91e63;\">D\u00f3nde:<\/span><\/strong> Traficantes de Sue\u00f1os<br \/>\nc\/ Duque de Alba 13<br \/>\nMetro: Tirso de Molina<\/p>\n<p><strong><span style=\"color: #e91e63;\">Entrada libre hasta completar aforo<\/span><\/strong><\/p>","excerpt":"","slug":"contra-el-autoritarismo-de-la-libertad-financiera-presentacion-y-coloquio","image":{"url":"https:\/\/laboratoria.red\/wp-content\/uploads\/2025\/10\/CartelPresentacionContraElAutoritarismo.jpg","id":3418,"extension":"jpg","width":1080,"height":1350,"filesize":439198,"sizes":{"medium":{"width":240,"height":300,"mime-type":"image\/jpeg","filesize":29809,"url":"https:\/\/laboratoria.red\/wp-content\/uploads\/2025\/10\/CartelPresentacionContraElAutoritarismo-240x300.jpg"},"large":{"width":819,"height":1024,"mime-type":"image\/jpeg","filesize":210129,"url":"https:\/\/laboratoria.red\/wp-content\/uploads\/2025\/10\/CartelPresentacionContraElAutoritarismo-819x1024.jpg"},"thumbnail":{"width":150,"height":150,"mime-type":"image\/jpeg","filesize":10928,"url":"https:\/\/laboratoria.red\/wp-content\/uploads\/2025\/10\/CartelPresentacionContraElAutoritarismo-150x150.jpg"},"medium_large":{"width":768,"height":960,"mime-type":"image\/jpeg","filesize":188060,"url":"https:\/\/laboratoria.red\/wp-content\/uploads\/2025\/10\/CartelPresentacionContraElAutoritarismo-768x960.jpg"},"blog-large":{"width":669,"height":272,"mime-type":"image\/jpeg","filesize":52193,"url":"https:\/\/laboratoria.red\/wp-content\/uploads\/2025\/10\/CartelPresentacionContraElAutoritarismo-669x272.jpg"},"blog-medium":{"width":320,"height":202,"mime-type":"image\/jpeg","filesize":22059,"url":"https:\/\/laboratoria.red\/wp-content\/uploads\/2025\/10\/CartelPresentacionContraElAutoritarismo-320x202.jpg"},"recent-posts":{"width":700,"height":441,"mime-type":"image\/jpeg","filesize":86104,"url":"https:\/\/laboratoria.red\/wp-content\/uploads\/2025\/10\/CartelPresentacionContraElAutoritarismo-700x441.jpg"},"recent-works-thumbnail":{"width":66,"height":66,"mime-type":"image\/jpeg","filesize":2802,"url":"https:\/\/laboratoria.red\/wp-content\/uploads\/2025\/10\/CartelPresentacionContraElAutoritarismo-66x66.jpg"},"fusion-200":{"width":200,"height":250,"mime-type":"image\/jpeg","filesize":22847,"url":"https:\/\/laboratoria.red\/wp-content\/uploads\/2025\/10\/CartelPresentacionContraElAutoritarismo-200x250.jpg"},"fusion-400":{"width":400,"height":500,"mime-type":"image\/jpeg","filesize":67548,"url":"https:\/\/laboratoria.red\/wp-content\/uploads\/2025\/10\/CartelPresentacionContraElAutoritarismo-400x500.jpg"},"fusion-600":{"width":600,"height":750,"mime-type":"image\/jpeg","filesize":128028,"url":"https:\/\/laboratoria.red\/wp-content\/uploads\/2025\/10\/CartelPresentacionContraElAutoritarismo-600x750.jpg"},"fusion-800":{"width":800,"height":1000,"mime-type":"image\/jpeg","filesize":201903,"url":"https:\/\/laboratoria.red\/wp-content\/uploads\/2025\/10\/CartelPresentacionContraElAutoritarismo-800x1000.jpg"},"portfolio-full":{"width":940,"height":400,"mime-type":"image\/jpeg","filesize":99509,"url":"https:\/\/laboratoria.red\/wp-content\/uploads\/2025\/10\/CartelPresentacionContraElAutoritarismo-940x400.jpg"},"portfolio-one":{"width":540,"height":272,"mime-type":"image\/jpeg","filesize":43109,"url":"https:\/\/laboratoria.red\/wp-content\/uploads\/2025\/10\/CartelPresentacionContraElAutoritarismo-540x272.jpg"},"portfolio-two":{"width":460,"height":295,"mime-type":"image\/jpeg","filesize":42062,"url":"https:\/\/laboratoria.red\/wp-content\/uploads\/2025\/10\/CartelPresentacionContraElAutoritarismo-460x295.jpg"},"portfolio-three":{"width":300,"height":214,"mime-type":"image\/jpeg","filesize":22486,"url":"https:\/\/laboratoria.red\/wp-content\/uploads\/2025\/10\/CartelPresentacionContraElAutoritarismo-300x214.jpg"},"portfolio-five":{"width":177,"height":142,"mime-type":"image\/jpeg","filesize":10611,"url":"https:\/\/laboratoria.red\/wp-content\/uploads\/2025\/10\/CartelPresentacionContraElAutoritarismo-177x142.jpg"}}},"all_day":false,"start_date":"2025-10-20 19:00:00","start_date_details":{"year":"2025","month":"10","day":"20","hour":"19","minutes":"00","seconds":"00"},"end_date":"2025-10-20 21:00:00","end_date_details":{"year":"2025","month":"10","day":"20","hour":"21","minutes":"00","seconds":"00"},"utc_start_date":"2025-10-20 17:00:00","utc_start_date_details":{"year":"2025","month":"10","day":"20","hour":"17","minutes":"00","seconds":"00"},"utc_end_date":"2025-10-20 19:00:00","utc_end_date_details":{"year":"2025","month":"10","day":"20","hour":"19","minutes":"00","seconds":"00"},"timezone":"Europe\/Madrid","timezone_abbr":"CEST","cost":"","cost_details":{"currency_symbol":"$","currency_code":"USD","currency_position":"prefix","values":[]},"website":"","show_map":true,"show_map_link":true,"hide_from_listings":false,"sticky":false,"featured":false,"categories":[{"name":"Pr\u00f3ximos eventos","slug":"proximos-eventos","term_group":0,"term_taxonomy_id":23,"taxonomy":"tribe_events_cat","description":"","parent":0,"count":14,"filter":"raw","id":23,"urls":{"self":"https:\/\/laboratoria.red\/en\/wp-json\/tribe\/events\/v1\/categories\/23","collection":"https:\/\/laboratoria.red\/en\/wp-json\/tribe\/events\/v1\/categories"}}],"tags":[],"venue":{"id":1264,"author":"2","status":"publish","date":"2021-06-15 15:13:14","date_utc":"2021-06-15 13:13:14","modified":"2021-06-15 15:13:14","modified_utc":"2021-06-15 13:13:14","url":"https:\/\/laboratoria.red\/venue\/traficantes-de-suenos\/","venue":"Traficantes de Sue\u00f1os","description":"<p>Traficantes de Sue\u00f1os es un proyecto de producci\u00f3n y comunicaci\u00f3n pol\u00edtica que aspira a aportar contenidos y animar debates \u00fatiles para la acci\u00f3n colectiva transformadora. Tambi\u00e9n es un proyecto de econom\u00eda social, esto es, una entidad sin \u00e1nimo de lucro y sin jefes, implicada en el mercado social y en el desarrollo de otra econom\u00eda.<\/p>","slug":"traficantes-de-suenos","address":"c\/ Duque de Alba 13","city":"Madrid","country":"Espa\u00f1a","province":"Madrid","zip":"28012","phone":"91 5320928","website":"https:\/\/www.traficantes.net","stateprovince":"Madrid","json_ld":{"@type":"Place","name":"Traficantes de Sue\u00f1os","description":"&lt;p&gt;Traficantes de Sue\u00f1os es un proyecto de producci\u00f3n y comunicaci\u00f3n [&hellip;]&lt;\/p&gt;\\n","url":"","address":{"@type":"PostalAddress","streetAddress":"c\/ Duque de Alba 13","addressLocality":"Madrid","addressRegion":"Madrid","postalCode":"28012","addressCountry":"Espa\u00f1a"},"telephone":"91 5320928","sameAs":"https:\/\/www.traficantes.net"},"show_map":true,"show_map_link":true,"global_id":"laboratoria.red\/en\/?id=1264","global_id_lineage":["laboratoria.red\/en\/?id=1264"]},"organizer":[],"custom_fields":[],"json_ld":{"@context":"http:\/\/schema.org","@type":"Event","name":"Contra el autoritarismo de la libertad financiera. Presentaci\u00f3n y coloquio","description":"&lt;p&gt;Este lunes 20, 19.00, presentamos \u00abContra el autoritarismo de la [&hellip;]&lt;\/p&gt;\\n","image":"https:\/\/laboratoria.red\/wp-content\/uploads\/2025\/10\/CartelPresentacionContraElAutoritarismo.jpg","url":"https:\/\/laboratoria.red\/en\/actividad\/contra-el-autoritarismo-de-la-libertad-financiera-presentacion-y-coloquio\/","eventAttendanceMode":"https:\/\/schema.org\/OfflineEventAttendanceMode","eventStatus":"https:\/\/schema.org\/EventScheduled","startDate":"2025-10-20T19:00:00+02:00","endDate":"2025-10-20T21:00:00+02:00","location":{"@type":"Place","name":"Traficantes de Sue\u00f1os","description":"&lt;p&gt;Traficantes de Sue\u00f1os es un proyecto de producci\u00f3n y comunicaci\u00f3n [&hellip;]&lt;\/p&gt;\\n","url":"","address":{"@type":"PostalAddress","streetAddress":"c\/ Duque de Alba 13","addressLocality":"Madrid","addressRegion":"Madrid","postalCode":"28012","addressCountry":"Espa\u00f1a"},"telephone":"91 5320928","sameAs":"https:\/\/www.traficantes.net"},"performer":"Organization"}}